{"id":1607,"date":"2021-05-28T14:30:00","date_gmt":"2021-05-28T12:30:00","guid":{"rendered":"http:\/\/freshquality.pl\/?p=1607"},"modified":"2021-08-10T14:31:51","modified_gmt":"2021-08-10T12:31:51","slug":"poczatek-sezonu-i-wielkie-oczekiwania","status":"publish","type":"post","link":"https:\/\/freshquality.pl\/?p=1607","title":{"rendered":"Pocz\u0105tek sezonu i wielkie oczekiwania"},"content":{"rendered":"\n<p>Zimny pocz\u0105tek wiosny w Europie &nbsp;spowolni\u0142 produkcj\u0119, powoduj\u0105c wzrost cen na pocz\u0105tku sezonu, ale okres zimna ograniczy\u0142 r\u00f3wnie\u017c konsumpcj\u0119 w wielu krajach, powoduj\u0105c obecnie spadek cen.<\/p>\n\n\n\n<figure class=\"wp-block-image size-large\"><img loading=\"lazy\" decoding=\"async\" width=\"731\" height=\"515\" src=\"https:\/\/freshquality.pl\/wp-content\/uploads\/2021\/08\/5.jpg\" alt=\"\" class=\"wp-image-1608\" srcset=\"https:\/\/freshquality.pl\/wp-content\/uploads\/2021\/08\/5.jpg 731w, https:\/\/freshquality.pl\/wp-content\/uploads\/2021\/08\/5-300x211.jpg 300w\" sizes=\"auto, (max-width: 731px) 100vw, 731px\" \/><\/figure>\n\n\n\n<p>W Holandii pierwsze papryki zebrano w 9 tygodniu tego roku. Do 18 tygodnia ceny by\u0142y wysokie, ale bardzo zmienne. W rezultacie obroty r\u00f3\u017cni\u0105 si\u0119 w zale\u017cno\u015bci od plantatora. Ceny zielonej, \u017c\u00f3\u0142tej i pomara\u0144czowej papryki s\u0105 ni\u017csze ni\u017c w 2020 r., a cena czerwonej papryki jest wy\u017csza o ponad 15% w stosunku do tygodnia 18. Og\u00f3lnie rzecz bior\u0105c rynek nie radzi sobie z obecnymi wysokimi poziomami produkcji. Popyt konsumencki, z powodu ch\u0142odnej pogody, jest zbyt niski. Nap\u0142ywaj\u0105 zam\u00f3wienia z r\u00f3\u017cnych kraj\u00f3w, co jest nienaturaln\u0105 sytuacj\u0105. W tej chwili po\u017c\u0105dana by\u0142aby poprawa pogody i nieco ni\u017csza produkcja, w przeciwnym razie powr\u00f3t do akceptowalnych poziom\u00f3w cen mo\u017ce zaj\u0105\u0107 troch\u0119 czasu.<\/p>\n\n\n\n<p>W Hiszpanii sytuacja jest podobna. Kampania paprykowa z Almerii dobieg\u0142a ko\u0144ca i teraz Murcia jest w pe\u0142ni sezonu. Jeszcze miesi\u0105c temu nie by\u0142o wystarczaj\u0105cej poda\u017cy, poniewa\u017c Almer\u00eda sko\u0144czy\u0142a wcze\u015bniej ni\u017c zwykle, a Murcia, podobnie jak Holandia, rozpocz\u0119\u0142y si\u0119 p\u00f3\u017ano z powodu zimnego i deszczowego ko\u0144ca zimy i pocz\u0105tku wiosny. To pozostawi\u0142o pusty rynek, a ceny gwa\u0142townie ros\u0142y. Jednak obecnie sytuacja jest zupe\u0142nie inna. Ceny papryki z Murcji utrzymuj\u0105 si\u0119 na niskim poziomie od kilku tygodni ze wzgl\u0119du na bardzo s\u0142aby popyt. Zdaniem eksportera mo\u017ce to wynika\u0107 ze z\u0142ej pogody w wi\u0119kszo\u015bci kraj\u00f3w Europy \u015arodkowej i P\u00f3\u0142nocnej, kt\u00f3ra wp\u0142ywa na konsumpcj\u0119, poniewa\u017c nale\u017cy zauwa\u017cy\u0107, \u017ce w tym roku plony s\u0105 mniejsze. Holenderska poda\u017c jest r\u00f3wnie\u017c wy\u017csza na rynkach w tym roku, a hiszpa\u0144scy eksporterzy uwa\u017caj\u0105, \u017ce mo\u017ce to wynika\u0107 z tego, \u017ce Holandia wysy\u0142a mniej papryki na rynki Ameryki P\u00f3\u0142nocnej. Wielu producent\u00f3w w Murcji przechodzi z tradycyjnej papryki na ekologiczn\u0105, co w tym roku staje si\u0119 do\u015b\u0107 zauwa\u017calne.<\/p>\n\n\n\n<p>W Polsce sezon na papryk\u0119 rozpocznie si\u0119 w drugiej po\u0142owie czerwca. Wed\u0142ug wielu producent\u00f3w w tym roku powinny by\u0107 dost\u0119pne do\u015b\u0107 du\u017ce ilo\u015bci. Popyt na lokalnym rynku od kilku tygodni utrzymuje si\u0119 na wysokim poziomie i oczekuje si\u0119, \u017ce popyt za granic\u0105 r\u00f3wnie\u017c b\u0119dzie zadowalaj\u0105cy.<\/p>\n\n\n\n<p><em><u>\u0179r\u00f3d\u0142o: <\/u><\/em><em>www.freshplaza.com<\/em><em><u><\/u><\/em><\/p>\n","protected":false},"excerpt":{"rendered":"<p>Zimny pocz\u0105tek wiosny w Europie &nbsp;spowolni\u0142 produkcj\u0119, powoduj\u0105c wzrost cen na pocz\u0105tku sezonu, ale okres zimna ograniczy\u0142 r\u00f3wnie\u017c konsumpcj\u0119 w wielu krajach, powoduj\u0105c obecnie spadek cen. W Holandii pierwsze papryki zebrano w 9 tygodniu tego roku. Do 18 tygodnia ceny by\u0142y wysokie, ale bardzo zmienne. W rezultacie obroty r\u00f3\u017cni\u0105 si\u0119 w zale\u017cno\u015bci od plantatora. Ceny [&hellip;]<\/p>\n","protected":false},"author":2,"featured_media":0,"comment_status":"closed","ping_status":"open","sticky":false,"template":"","format":"standard","meta":{"footnotes":""},"categories":[5],"tags":[],"class_list":["post-1607","post","type-post","status-publish","format-standard","hentry","category-aktualnosci"],"_links":{"self":[{"href":"https:\/\/freshquality.pl\/index.php?rest_route=\/wp\/v2\/posts\/1607","targetHints":{"allow":["GET"]}}],"collection":[{"href":"https:\/\/freshquality.pl\/index.php?rest_route=\/wp\/v2\/posts"}],"about":[{"href":"https:\/\/freshquality.pl\/index.php?rest_route=\/wp\/v2\/types\/post"}],"author":[{"embeddable":true,"href":"https:\/\/freshquality.pl\/index.php?rest_route=\/wp\/v2\/users\/2"}],"replies":[{"embeddable":true,"href":"https:\/\/freshquality.pl\/index.php?rest_route=%2Fwp%2Fv2%2Fcomments&post=1607"}],"version-history":[{"count":1,"href":"https:\/\/freshquality.pl\/index.php?rest_route=\/wp\/v2\/posts\/1607\/revisions"}],"predecessor-version":[{"id":1609,"href":"https:\/\/freshquality.pl\/index.php?rest_route=\/wp\/v2\/posts\/1607\/revisions\/1609"}],"wp:attachment":[{"href":"https:\/\/freshquality.pl\/index.php?rest_route=%2Fwp%2Fv2%2Fmedia&parent=1607"}],"wp:term":[{"taxonomy":"category","embeddable":true,"href":"https:\/\/freshquality.pl\/index.php?rest_route=%2Fwp%2Fv2%2Fcategories&post=1607"},{"taxonomy":"post_tag","embeddable":true,"href":"https:\/\/freshquality.pl\/index.php?rest_route=%2Fwp%2Fv2%2Ftags&post=1607"}],"curies":[{"name":"wp","href":"https:\/\/api.w.org\/{rel}","templated":true}]}}