{"id":1330,"date":"2020-05-14T21:16:00","date_gmt":"2020-05-14T19:16:00","guid":{"rendered":"http:\/\/freshquality.pl\/?p=1330"},"modified":"2020-05-12T21:17:53","modified_gmt":"2020-05-12T19:17:53","slug":"jaki-bedzie-sezon-owocow-pestkowych","status":"publish","type":"post","link":"https:\/\/freshquality.pl\/?p=1330","title":{"rendered":"Jaki b\u0119dzie sezon owoc\u00f3w pestkowych?"},"content":{"rendered":"\n<p>Podobno nieprzewidywalny, a to z powodu powszechnej niedost\u0119pno\u015bci\nsi\u0142y roboczej.<\/p>\n\n\n\n<figure class=\"wp-block-image size-large\"><img loading=\"lazy\" decoding=\"async\" width=\"416\" height=\"316\" src=\"https:\/\/freshquality.pl\/wp-content\/uploads\/2020\/05\/morele.png\" alt=\"\" class=\"wp-image-1331\" srcset=\"https:\/\/freshquality.pl\/wp-content\/uploads\/2020\/05\/morele.png 416w, https:\/\/freshquality.pl\/wp-content\/uploads\/2020\/05\/morele-300x228.png 300w\" sizes=\"auto, (max-width: 416px) 100vw, 416px\" \/><\/figure>\n\n\n\n<!--more-->\n\n\n\n<p><strong>Grecja.<\/strong> Przewiduje si\u0119, \u017ce w Grecji nast\u0105pi \u015bredni sezon produkcji\nbrzoskwi\u0144 i nektaryn, przy wielko\u015bciach zbli\u017conych do wielko\u015bci z 2019 r.\nOczekuje si\u0119, \u017ce sezon rozpocznie si\u0119 tydzie\u0144 p\u00f3\u017aniej ni\u017c w ubieg\u0142ym roku, ze\nwzgl\u0119du na deszcze, mr\u00f3z i niskie temperatury, kt\u00f3re nast\u0105pi\u0142y po \u0142agodnej,\nsuchej zimie. G\u0142\u00f3wny problem w tym roku dotyczy pracownik\u00f3w sezonowych,\nponiewa\u017c pracownicy z Albanii nie mog\u0105 wr\u00f3ci\u0107 do Grecji z powodu kryzysu\nCovid-19. Grozi to powa\u017cnym problemem w tym sezonie. W wyniku spadaj\u0105cych cen\nsady brzoskwiniowe malej\u0105 w Grecji, a powierzchnia przeznaczona na nektaryny\nnieznacznie ro\u015bnie. <\/p>\n\n\n\n<p><strong>Hiszpania.<\/strong> Dost\u0119pno\u015b\u0107 si\u0142y roboczej pozostaje w tym roku najwi\u0119kszym\nproblemem hiszpa\u0144skich producent\u00f3w, a regiony takie jak Aragonia i Katalonia\nzale\u017c\u0105 od du\u017cej zagranicznej si\u0142y roboczej, kt\u00f3ra jest obecnie niedost\u0119pna.\nNiekt\u00f3rzy wzywaj\u0105 rz\u0105d do przyj\u0119cia \u015brodk\u00f3w umo\u017cliwiaj\u0105cych pracownikom ze\nstrefy Schengen powr\u00f3t do gospodarstw i pakowni, tak jak zrobi\u0142y to kraje\neuropejskie, w tym Niemcy. W po\u0142\u0105czeniu z dodatkowymi \u015brodkami bezpiecze\u0144stwa\nprzewiduje si\u0119, \u017ce takie problemy zwi\u0105zane z prac\u0105 spowoduj\u0105 dodatkowe koszty\nprodukcji w wysoko\u015bci 20-30 procent w sadach i pakowniach. <\/p>\n\n\n\n<p>W Katalonii wczesne wiosenne przymrozki spowodowa\u0142y bezpo\u015brednie\nuszkodzenie niekt\u00f3rych owoc\u00f3w i wp\u0142yn\u0119\u0142y na rozw\u00f3j innych. Chocia\u017c obecnie nie\ns\u0105 dost\u0119pne \u017cadne dane, oczekuje si\u0119, \u017ce wolumeny zmniejsz\u0105 si\u0119 w por\u00f3wnaniu z\nubieg\u0142ym rokiem.<\/p>\n\n\n\n<p><strong>W\u0142ochy.<\/strong> Po \u0142agodnej zimie i dobrej pogodzie do marca powtarzaj\u0105ce si\u0119\nprzymrozki pod koniec marca i na pocz\u0105tku kwietnia znacz\u0105co wp\u0142yn\u0119\u0142y na uprawy\nw p\u00f3\u0142nocnych W\u0142oszech. Odnotowano tak\u017ce uszkodzenia spowodowane mrozem na\npo\u0142udniu, zw\u0142aszcza w Kampanii, ale wp\u0142yw w \u015brodkowych i po\u0142udniowych obszarach\nprodukcji jest og\u00f3lnie ograniczony.<\/p>\n\n\n\n<p>W regionach po\u0142udniowych oczekuje si\u0119, \u017ce produkcja w 2020 r. b\u0119dzie\nnieco ni\u017csza ni\u017c w 2019 r. Z drugiej strony spadek produkcji w regionach\np\u00f3\u0142nocnych wydaje si\u0119 by\u0107 bardziej znacz\u0105cy ze wzgl\u0119du na zmniejszenie\npowierzchni i ograniczone plony z powodu mrozu. Na p\u00f3\u0142nocy zbiory s\u0105 kilka dni\nprzed terminem.<\/p>\n\n\n\n<p><strong>Francja.<\/strong> Wczesne wskazania sugeruj\u0105, \u017ce rozmiary owoc\u00f3w mog\u0105 by\u0107 wy\u017csze\nni\u017c normalnie. Producenci maj\u0105 nadziej\u0119, \u017ce b\u0119d\u0105 w stanie oferowa\u0107 standardowe\nilo\u015bci i rozmiary od pocz\u0105tku zbior\u00f3w, kt\u00f3re planowane s\u0105 &nbsp;w po\u0142owie czerwca i tym samym b\u0119d\u0105 w stanie unikn\u0105\u0107\ntakiej samej nadwy\u017cki jak pod koniec ubieg\u0142ego sezonu.<\/p>\n\n\n\n<p><em>www.fruitnet.com<\/em><\/p>\n","protected":false},"excerpt":{"rendered":"<p>Podobno nieprzewidywalny, a to z powodu powszechnej niedost\u0119pno\u015bci si\u0142y roboczej.<\/p>\n","protected":false},"author":2,"featured_media":0,"comment_status":"closed","ping_status":"open","sticky":false,"template":"","format":"standard","meta":{"footnotes":""},"categories":[5],"tags":[],"class_list":["post-1330","post","type-post","status-publish","format-standard","hentry","category-aktualnosci"],"_links":{"self":[{"href":"https:\/\/freshquality.pl\/index.php?rest_route=\/wp\/v2\/posts\/1330","targetHints":{"allow":["GET"]}}],"collection":[{"href":"https:\/\/freshquality.pl\/index.php?rest_route=\/wp\/v2\/posts"}],"about":[{"href":"https:\/\/freshquality.pl\/index.php?rest_route=\/wp\/v2\/types\/post"}],"author":[{"embeddable":true,"href":"https:\/\/freshquality.pl\/index.php?rest_route=\/wp\/v2\/users\/2"}],"replies":[{"embeddable":true,"href":"https:\/\/freshquality.pl\/index.php?rest_route=%2Fwp%2Fv2%2Fcomments&post=1330"}],"version-history":[{"count":1,"href":"https:\/\/freshquality.pl\/index.php?rest_route=\/wp\/v2\/posts\/1330\/revisions"}],"predecessor-version":[{"id":1332,"href":"https:\/\/freshquality.pl\/index.php?rest_route=\/wp\/v2\/posts\/1330\/revisions\/1332"}],"wp:attachment":[{"href":"https:\/\/freshquality.pl\/index.php?rest_route=%2Fwp%2Fv2%2Fmedia&parent=1330"}],"wp:term":[{"taxonomy":"category","embeddable":true,"href":"https:\/\/freshquality.pl\/index.php?rest_route=%2Fwp%2Fv2%2Fcategories&post=1330"},{"taxonomy":"post_tag","embeddable":true,"href":"https:\/\/freshquality.pl\/index.php?rest_route=%2Fwp%2Fv2%2Ftags&post=1330"}],"curies":[{"name":"wp","href":"https:\/\/api.w.org\/{rel}","templated":true}]}}